{"id":13297,"date":"2026-09-04T11:25:08","date_gmt":"2026-09-04T08:25:08","guid":{"rendered":"https:\/\/www.isinaydinlatma.com.tr\/?p=13297"},"modified":"2026-09-04T11:25:08","modified_gmt":"2026-09-04T08:25:08","slug":"aydinlatma-direklerinin-tasima-ve-montaj-surecinde-dikkat-edilmesi-gerekenler","status":"publish","type":"post","link":"https:\/\/www.isinaydinlatma.com.tr\/en\/aydinlatma-direklerinin-tasima-ve-montaj-surecinde-dikkat-edilmesi-gerekenler\/","title":{"rendered":"Ayd\u0131nlatma Direklerinin Ta\u015f\u0131ma ve Montaj S\u00fcrecinde Dikkat Edilmesi Gerekenler"},"content":{"rendered":"<p class=\"isSelectedEnd\">Ayd\u0131nlatma direklerinin kalitesi yaln\u0131zca \u00fcretim s\u00fcreciyle s\u0131n\u0131rl\u0131 de\u011fildir. Direklerin \u00fcretim tesisinden proje sahas\u0131na g\u00fcvenli \u015fekilde ta\u015f\u0131nmas\u0131, uygun ko\u015fullarda depolanmas\u0131 ve do\u011fru y\u00f6ntemlerle monte edilmesi de \u00fcr\u00fcn\u00fcn korunmas\u0131 ve projenin sa\u011fl\u0131kl\u0131 ilerlemesi a\u00e7\u0131s\u0131ndan b\u00fcy\u00fck \u00f6nem ta\u015f\u0131r.<\/p>\n<p class=\"isSelectedEnd\">Ta\u015f\u0131ma veya montaj s\u0131ras\u0131nda yap\u0131lan k\u00fc\u00e7\u00fck bir hata; y\u00fczey kaplamas\u0131nda hasara, ba\u011flant\u0131 noktalar\u0131nda deformasyona ve montaj s\u00fcrecinde gecikmelere neden olabilir. Bu nedenle s\u00fcrecin her a\u015famas\u0131, dire\u011fin \u00f6l\u00e7\u00fclerine, a\u011f\u0131rl\u0131\u011f\u0131na, y\u00fczey \u00f6zelliklerine ve proje gereksinimlerine uygun \u015fekilde planlanmal\u0131d\u0131r.<\/p>\n<h2>Ta\u015f\u0131ma \u00d6ncesinde Do\u011fru Planlama Yap\u0131lmal\u0131d\u0131r<\/h2>\n<p class=\"isSelectedEnd\">Ayd\u0131nlatma direklerinin ta\u015f\u0131ma s\u00fcreci, \u00fcr\u00fcnler araca y\u00fcklenmeden \u00f6nce ba\u015flamal\u0131d\u0131r. Direklerin boyu, a\u011f\u0131rl\u0131\u011f\u0131, par\u00e7a say\u0131s\u0131 ve ta\u015f\u0131ma g\u00fczerg\u00e2h\u0131 dikkate al\u0131narak uygun ara\u00e7 ve ekipman se\u00e7ilmelidir.<\/p>\n<p class=\"isSelectedEnd\">\u00d6zellikle uzun veya projeye \u00f6zel olarak \u00fcretilmi\u015f direklerde ta\u015f\u0131ma arac\u0131n\u0131n \u00f6l\u00e7\u00fcleri ve ta\u015f\u0131ma kapasitesi \u00f6nceden kontrol edilmelidir. Konsollar, ba\u011flant\u0131 elemanlar\u0131 ve di\u011fer tamamlay\u0131c\u0131 par\u00e7alar da \u00fcr\u00fcnlerle e\u015fle\u015ftirilmeli ve sahada kar\u0131\u015f\u0131kl\u0131k ya\u015fanmayacak \u015fekilde d\u00fczenlenmelidir.<\/p>\n<h2>Direkler Ta\u015f\u0131ma S\u0131ras\u0131nda Sabitlenmelidir<\/h2>\n<p class=\"isSelectedEnd\">Ara\u00e7 hareket halindeyken direklerin birbirine veya arac\u0131n metal y\u00fczeylerine \u00e7arpmas\u0131, \u00fcr\u00fcn y\u00fczeyinde \u00e7izilmelere ve darbelere yol a\u00e7abilir. Bu nedenle direkler ta\u015f\u0131ma arac\u0131na dengeli bi\u00e7imde yerle\u015ftirilmeli ve hareket etmelerini \u00f6nleyecek \u015fekilde sabitlenmelidir.<\/p>\n<p class=\"isSelectedEnd\">\u00dcr\u00fcnlerin temas etti\u011fi noktalarda uygun koruyucu malzemelerin kullan\u0131lmas\u0131, \u00f6zellikle boyal\u0131 veya kaplamal\u0131 y\u00fczeylerin korunmas\u0131na yard\u0131mc\u0131 olur. Sabitleme ekipmanlar\u0131 da y\u00fczeye zarar vermeyecek bi\u00e7imde konumland\u0131r\u0131lmal\u0131d\u0131r.<\/p>\n<h2>Y\u00fckleme ve Bo\u015faltmada Uygun Ekipman Kullan\u0131lmal\u0131d\u0131r<\/h2>\n<p class=\"isSelectedEnd\">Ayd\u0131nlatma direklerinin y\u00fcklenmesi ve indirilmesi s\u0131ras\u0131nda \u00fcr\u00fcn\u00fcn a\u011f\u0131rl\u0131\u011f\u0131na ve uzunlu\u011funa uygun kald\u0131rma ekipmanlar\u0131 kullan\u0131lmal\u0131d\u0131r. Kald\u0131rma noktalar\u0131n\u0131n yanl\u0131\u015f belirlenmesi dire\u011fin dengesiz hareket etmesine, y\u00fczey hasar\u0131na veya deformasyona neden olabilir.<\/p>\n<p class=\"isSelectedEnd\">Direkler kald\u0131r\u0131l\u0131rken s\u00fcr\u00fcklenmemeli, sert \u015fekilde zemine b\u0131rak\u0131lmamal\u0131 ve kontrols\u00fcz bi\u00e7imde d\u00f6nd\u00fcr\u00fclmemelidir. Y\u00fckleme ve bo\u015faltma i\u015flemleri, gerekli g\u00fcvenlik \u00f6nlemleri al\u0131narak yetkin ekipler taraf\u0131ndan ger\u00e7ekle\u015ftirilmelidir.<\/p>\n<h2>Sahadaki Depolama Ko\u015fullar\u0131 \u00d6nemlidir<\/h2>\n<p class=\"isSelectedEnd\">Montaj hemen yap\u0131lmayacaksa ayd\u0131nlatma direkleri uygun bir alanda muhafaza edilmelidir. \u00dcr\u00fcnler do\u011frudan toprak, \u00e7amur veya su birikintisi bulunan y\u00fczeylere b\u0131rak\u0131lmamal\u0131d\u0131r. D\u00fcz ve dengeli bir zeminde, y\u00fczeyle do\u011frudan temas\u0131 azaltacak destekler \u00fczerinde depolanmalar\u0131 daha uygun olur.<\/p>\n<p class=\"isSelectedEnd\">Direkler \u00fcst \u00fcste yerle\u015ftirilecekse kaymay\u0131 \u00f6nleyecek destekler kullan\u0131lmal\u0131 ve \u00fcr\u00fcnlerin birbirine zarar vermemesi sa\u011flanmal\u0131d\u0131r. Uzun s\u00fcreli depolamalarda ambalaj i\u00e7inde nem olu\u015fmamas\u0131na ve y\u00fczeylerin d\u00fczenli olarak kontrol edilmesine de dikkat edilmelidir.<\/p>\n<h2>Temel ve Ankraj Kontrolleri Montajdan \u00d6nce Yap\u0131lmal\u0131d\u0131r<\/h2>\n<p class=\"isSelectedEnd\">Montaj \u00f6ncesinde temel \u00f6l\u00e7\u00fcleri, ankraj elemanlar\u0131n\u0131n konumu ve ba\u011flant\u0131 noktalar\u0131 proje detaylar\u0131na g\u00f6re kontrol edilmelidir. Ankrajlar\u0131n hatal\u0131 aral\u0131klarla yerle\u015ftirilmesi veya temel y\u00fczeyinin uygun olmamas\u0131, dire\u011fin do\u011fru \u015fekilde konumland\u0131r\u0131lmas\u0131n\u0131 zorla\u015ft\u0131rabilir.<\/p>\n<p class=\"isSelectedEnd\">Flan\u015fl\u0131 direklerde taban plakas\u0131 ile ankraj noktalar\u0131n\u0131n uyumu kontrol edilmeli; g\u00f6mme tip direklerde ise g\u00f6mme derinli\u011fi ve zemin ko\u015fullar\u0131 dikkate al\u0131nmal\u0131d\u0131r. Montaj uygulamas\u0131 her zaman ilgili proje \u00e7izimleri ve teknik gereklilikler do\u011frultusunda ger\u00e7ekle\u015ftirilmelidir.<\/p>\n<h2>Dire\u011fin Dikeyli\u011fi Kontrol Edilmelidir<\/h2>\n<p class=\"isSelectedEnd\">Direk yerine yerle\u015ftirildikten sonra dikeylik kontrol\u00fc yap\u0131lmal\u0131d\u0131r. Dire\u011fin e\u011fik monte edilmesi hem g\u00f6rsel b\u00fct\u00fcnl\u00fc\u011f\u00fc bozabilir hem de ba\u011flant\u0131 noktalar\u0131nda dengesiz y\u00fck olu\u015fmas\u0131na yol a\u00e7abilir.<\/p>\n<p class=\"isSelectedEnd\">Somunlar\u0131n s\u0131k\u0131lmas\u0131 s\u0131ras\u0131nda dengeli bir uygulama yap\u0131lmal\u0131 ve ba\u011flant\u0131lar kar\u015f\u0131l\u0131kl\u0131 olarak kontroll\u00fc bi\u00e7imde s\u0131k\u0131lmal\u0131d\u0131r. Montaj tamamland\u0131ktan sonra dire\u011fin konumu, ba\u011flant\u0131lar\u0131 ve genel dengesi yeniden kontrol edilmelidir.<\/p>\n<h2>Elektrik Ba\u011flant\u0131lar\u0131 G\u00fcvenli \u015eekilde Ger\u00e7ekle\u015ftirilmelidir<\/h2>\n<p class=\"isSelectedEnd\">Kablolar\u0131n direk i\u00e7erisinden ge\u00e7irilmesi s\u0131ras\u0131nda ezilme, kesilme veya s\u0131k\u0131\u015fma olu\u015fmamas\u0131na dikkat edilmelidir. Direk \u00fczerindeki m\u00fcdahale kapa\u011f\u0131 ve kablo giri\u015f noktalar\u0131 do\u011fru \u015fekilde kullan\u0131lmal\u0131d\u0131r.<\/p>\n<p class=\"isSelectedEnd\">Elektrik ba\u011flant\u0131lar\u0131, topraklama i\u015flemleri ve armat\u00fcr montajlar\u0131 ilgili teknik gerekliliklere uygun \u015fekilde yetkili ki\u015filer taraf\u0131ndan ger\u00e7ekle\u015ftirilmelidir.<\/p>\n<h2>Montaj Sonras\u0131nda Son Kontrol Yap\u0131lmal\u0131d\u0131r<\/h2>\n<p class=\"isSelectedEnd\">Montaj tamamland\u0131ktan sonra dire\u011fin y\u00fczeyi, ba\u011flant\u0131 noktalar\u0131, konsollar\u0131 ve di\u011fer par\u00e7alar\u0131 detayl\u0131 bi\u00e7imde incelenmelidir. Ta\u015f\u0131ma veya montaj s\u0131ras\u0131nda y\u00fczeyde bir hasar olu\u015fmu\u015fsa uygun y\u00f6ntemlerle gerekli d\u00fczeltmeler yap\u0131lmal\u0131d\u0131r.<\/p>\n<p class=\"isSelectedEnd\">Ayr\u0131ca t\u00fcm ba\u011flant\u0131 elemanlar\u0131n\u0131n do\u011fru bi\u00e7imde yerle\u015ftirildi\u011fi, dire\u011fin dik konumda oldu\u011fu ve montaj alan\u0131nda herhangi bir g\u00fcvenlik riski bulunmad\u0131\u011f\u0131 do\u011frulanmal\u0131d\u0131r.<\/p>\n<h2>\u00dcretimden Sahaya Kadar Kontroll\u00fc Bir S\u00fcre\u00e7<\/h2>\n<p class=\"isSelectedEnd\">Ayd\u0131nlatma direklerinin g\u00fcvenli bi\u00e7imde kullan\u0131labilmesi i\u00e7in \u00fcretim, ta\u015f\u0131ma, depolama ve montaj a\u015famalar\u0131n\u0131n bir b\u00fct\u00fcn olarak de\u011ferlendirilmesi gerekir. \u00dcr\u00fcn\u00fcn teknik \u00f6zelliklerine uygun bir ta\u015f\u0131ma ve montaj plan\u0131, y\u00fczeylerin korunmas\u0131na, saha uygulamas\u0131n\u0131n kolayla\u015fmas\u0131na ve projenin daha d\u00fczenli ilerlemesine katk\u0131 sa\u011flar.<\/p>\n<p>I\u015f\u0131n Daylight, 2003 y\u0131l\u0131ndan bu yana farkl\u0131 proje ihtiya\u00e7lar\u0131na y\u00f6nelik ayd\u0131nlatma, projekt\u00f6r ve bayrak direkleri \u00fcretmektedir. Projeye \u00f6zel ayd\u0131nlatma dire\u011fi \u00e7\u00f6z\u00fcmlerimiz hakk\u0131nda bilgi almak i\u00e7in bizimle ileti\u015fime ge\u00e7ebilirsiniz.<\/p>","protected":false},"excerpt":{"rendered":"<p>Ayd\u0131nlatma direklerinin kalitesi yaln\u0131zca \u00fcretim s\u00fcreciyle s\u0131n\u0131rl\u0131 de\u011fildir. Direklerin \u00fcretim tesisinden proje sahas\u0131na g\u00fcvenli \u015fekilde ta\u015f\u0131nmas\u0131, uygun ko\u015fullarda depolanmas\u0131 ve do\u011fru y\u00f6ntemlerle monte edilmesi de \u00fcr\u00fcn\u00fcn korunmas\u0131 ve projenin sa\u011fl\u0131kl\u0131 ilerlemesi a\u00e7\u0131s\u0131ndan b\u00fcy\u00fck \u00f6nem ta\u015f\u0131r. Ta\u015f\u0131ma veya montaj s\u0131ras\u0131nda yap\u0131lan k\u00fc\u00e7\u00fck bir hata; y\u00fczey kaplamas\u0131nda hasara, ba\u011flant\u0131 noktalar\u0131nda deformasyona ve<\/p>","protected":false},"author":2,"featured_media":13298,"comment_status":"closed","ping_status":"closed","sticky":false,"template":"","format":"standard","meta":{"inline_featured_image":false,"footnotes":""},"categories":[118],"tags":[],"class_list":["post-13297","post","type-post","status-publish","format-standard","has-post-thumbnail","hentry","category-sektorel-bilgi"],"yoast_head":"<!-- This site is optimized with the Yoast SEO plugin v24.9 - https:\/\/yoast.com\/wordpress\/plugins\/seo\/ -->\n<title>Ayd\u0131nlatma Direklerinin Ta\u015f\u0131ma ve Montaj S\u00fcrecinde Dikkat Edilmesi Gerekenler - I\u015f\u0131n Ayd\u0131nlatma<\/title>\n<meta name=\"description\" content=\"Ayd\u0131nlatma direklerinin ta\u015f\u0131nmas\u0131, depolanmas\u0131 ve montaj\u0131 s\u0131ras\u0131nda dikkat edilmesi gereken temel noktalar\u0131 ke\u015ffedin.\" \/>\n<meta name=\"robots\" content=\"index, follow, max-snippet:-1, max-image-preview:large, max-video-preview:-1\" \/>\n<link rel=\"canonical\" href=\"https:\/\/www.isinaydinlatma.com.tr\/en\/aydinlatma-direklerinin-tasima-ve-montaj-surecinde-dikkat-edilmesi-gerekenler\/\" \/>\n<meta property=\"og:locale\" content=\"en_GB\" \/>\n<meta property=\"og:type\" content=\"article\" \/>\n<meta property=\"og:title\" content=\"Ayd\u0131nlatma Direklerinin Ta\u015f\u0131ma ve Montaj S\u00fcrecinde Dikkat Edilmesi Gerekenler - I\u015f\u0131n Ayd\u0131nlatma\" \/>\n<meta property=\"og:description\" content=\"Ayd\u0131nlatma direklerinin ta\u015f\u0131nmas\u0131, depolanmas\u0131 ve montaj\u0131 s\u0131ras\u0131nda dikkat edilmesi gereken temel noktalar\u0131 ke\u015ffedin.\" \/>\n<meta property=\"og:url\" content=\"https:\/\/www.isinaydinlatma.com.tr\/en\/aydinlatma-direklerinin-tasima-ve-montaj-surecinde-dikkat-edilmesi-gerekenler\/\" \/>\n<meta property=\"og:site_name\" content=\"I\u015f\u0131n Ayd\u0131nlatma\" \/>\n<meta property=\"article:published_time\" content=\"2026-09-04T08:25:08+00:00\" \/>\n<meta property=\"og:image\" content=\"https:\/\/www.isinaydinlatma.com.tr\/wp-content\/uploads\/2026\/09\/sdsfsd-1024x576.png\" \/>\n\t<meta property=\"og:image:width\" content=\"1024\" \/>\n\t<meta property=\"og:image:height\" content=\"576\" \/>\n\t<meta property=\"og:image:type\" content=\"image\/png\" \/>\n<meta name=\"author\" content=\"ISIN Daylight | WpAdmin\" \/>\n<meta name=\"twitter:card\" content=\"summary_large_image\" \/>\n<meta name=\"twitter:label1\" content=\"Written by\" \/>\n\t<meta name=\"twitter:data1\" content=\"ISIN Daylight | WpAdmin\" \/>\n\t<meta name=\"twitter:label2\" content=\"Estimated reading time\" \/>\n\t<meta name=\"twitter:data2\" content=\"4 minutes\" \/>\n<script type=\"application\/ld+json\" class=\"yoast-schema-graph\">{\"@context\":\"https:\/\/schema.org\",\"@graph\":[{\"@type\":\"WebPage\",\"@id\":\"https:\/\/www.isinaydinlatma.com.tr\/aydinlatma-direklerinin-tasima-ve-montaj-surecinde-dikkat-edilmesi-gerekenler\/\",\"url\":\"https:\/\/www.isinaydinlatma.com.tr\/aydinlatma-direklerinin-tasima-ve-montaj-surecinde-dikkat-edilmesi-gerekenler\/\",\"name\":\"Ayd\u0131nlatma Direklerinin Ta\u015f\u0131ma ve Montaj S\u00fcrecinde Dikkat Edilmesi Gerekenler - I\u015f\u0131n Ayd\u0131nlatma\",\"isPartOf\":{\"@id\":\"https:\/\/www.isinaydinlatma.com.tr\/#website\"},\"primaryImageOfPage\":{\"@id\":\"https:\/\/www.isinaydinlatma.com.tr\/aydinlatma-direklerinin-tasima-ve-montaj-surecinde-dikkat-edilmesi-gerekenler\/#primaryimage\"},\"image\":{\"@id\":\"https:\/\/www.isinaydinlatma.com.tr\/aydinlatma-direklerinin-tasima-ve-montaj-surecinde-dikkat-edilmesi-gerekenler\/#primaryimage\"},\"thumbnailUrl\":\"https:\/\/www.isinaydinlatma.com.tr\/wp-content\/uploads\/2026\/09\/sdsfsd.png\",\"datePublished\":\"2026-09-04T08:25:08+00:00\",\"author\":{\"@id\":\"https:\/\/www.isinaydinlatma.com.tr\/#\/schema\/person\/30a7a6a2389fd6e93d905fcf69b27229\"},\"description\":\"Ayd\u0131nlatma direklerinin ta\u015f\u0131nmas\u0131, depolanmas\u0131 ve montaj\u0131 s\u0131ras\u0131nda dikkat edilmesi gereken temel noktalar\u0131 ke\u015ffedin.\",\"breadcrumb\":{\"@id\":\"https:\/\/www.isinaydinlatma.com.tr\/aydinlatma-direklerinin-tasima-ve-montaj-surecinde-dikkat-edilmesi-gerekenler\/#breadcrumb\"},\"inLanguage\":\"en-GB\",\"potentialAction\":[{\"@type\":\"ReadAction\",\"target\":[\"https:\/\/www.isinaydinlatma.com.tr\/aydinlatma-direklerinin-tasima-ve-montaj-surecinde-dikkat-edilmesi-gerekenler\/\"]}]},{\"@type\":\"ImageObject\",\"inLanguage\":\"en-GB\",\"@id\":\"https:\/\/www.isinaydinlatma.com.tr\/aydinlatma-direklerinin-tasima-ve-montaj-surecinde-dikkat-edilmesi-gerekenler\/#primaryimage\",\"url\":\"https:\/\/www.isinaydinlatma.com.tr\/wp-content\/uploads\/2026\/09\/sdsfsd.png\",\"contentUrl\":\"https:\/\/www.isinaydinlatma.com.tr\/wp-content\/uploads\/2026\/09\/sdsfsd.png\",\"width\":2250,\"height\":1266},{\"@type\":\"BreadcrumbList\",\"@id\":\"https:\/\/www.isinaydinlatma.com.tr\/aydinlatma-direklerinin-tasima-ve-montaj-surecinde-dikkat-edilmesi-gerekenler\/#breadcrumb\",\"itemListElement\":[{\"@type\":\"ListItem\",\"position\":1,\"name\":\"Anasayfa\",\"item\":\"https:\/\/www.isinaydinlatma.com.tr\/\"},{\"@type\":\"ListItem\",\"position\":2,\"name\":\"Ayd\u0131nlatma Direklerinin Ta\u015f\u0131ma ve Montaj S\u00fcrecinde Dikkat Edilmesi Gerekenler\"}]},{\"@type\":\"WebSite\",\"@id\":\"https:\/\/www.isinaydinlatma.com.tr\/#website\",\"url\":\"https:\/\/www.isinaydinlatma.com.tr\/\",\"name\":\"I\u015f\u0131n Ayd\u0131nlatma\",\"description\":\"\",\"potentialAction\":[{\"@type\":\"SearchAction\",\"target\":{\"@type\":\"EntryPoint\",\"urlTemplate\":\"https:\/\/www.isinaydinlatma.com.tr\/?s={search_term_string}\"},\"query-input\":{\"@type\":\"PropertyValueSpecification\",\"valueRequired\":true,\"valueName\":\"search_term_string\"}}],\"inLanguage\":\"en-GB\"},{\"@type\":\"Person\",\"@id\":\"https:\/\/www.isinaydinlatma.com.tr\/#\/schema\/person\/30a7a6a2389fd6e93d905fcf69b27229\",\"name\":\"ISIN Daylight | WpAdmin\",\"image\":{\"@type\":\"ImageObject\",\"inLanguage\":\"en-GB\",\"@id\":\"https:\/\/www.isinaydinlatma.com.tr\/#\/schema\/person\/image\/\",\"url\":\"https:\/\/secure.gravatar.com\/avatar\/af08b7c7e3eda7167e6031461b1fac4ea68195713c67f1ec55b973c0c8a91c42?s=96&d=mm&r=g\",\"contentUrl\":\"https:\/\/secure.gravatar.com\/avatar\/af08b7c7e3eda7167e6031461b1fac4ea68195713c67f1ec55b973c0c8a91c42?s=96&d=mm&r=g\",\"caption\":\"ISIN Daylight | WpAdmin\"},\"url\":\"https:\/\/www.isinaydinlatma.com.tr\/en\/author\/admin\/\"}]}<\/script>\n<!-- \/ Yoast SEO plugin. -->","yoast_head_json":{"title":"Ayd\u0131nlatma Direklerinin Ta\u015f\u0131ma ve Montaj S\u00fcrecinde Dikkat Edilmesi Gerekenler - I\u015f\u0131n Ayd\u0131nlatma","description":"Ayd\u0131nlatma direklerinin ta\u015f\u0131nmas\u0131, depolanmas\u0131 ve montaj\u0131 s\u0131ras\u0131nda dikkat edilmesi gereken temel noktalar\u0131 ke\u015ffedin.","robots":{"index":"index","follow":"follow","max-snippet":"max-snippet:-1","max-image-preview":"max-image-preview:large","max-video-preview":"max-video-preview:-1"},"canonical":"https:\/\/www.isinaydinlatma.com.tr\/en\/aydinlatma-direklerinin-tasima-ve-montaj-surecinde-dikkat-edilmesi-gerekenler\/","og_locale":"en_GB","og_type":"article","og_title":"Ayd\u0131nlatma Direklerinin Ta\u015f\u0131ma ve Montaj S\u00fcrecinde Dikkat Edilmesi Gerekenler - I\u015f\u0131n Ayd\u0131nlatma","og_description":"Ayd\u0131nlatma direklerinin ta\u015f\u0131nmas\u0131, depolanmas\u0131 ve montaj\u0131 s\u0131ras\u0131nda dikkat edilmesi gereken temel noktalar\u0131 ke\u015ffedin.","og_url":"https:\/\/www.isinaydinlatma.com.tr\/en\/aydinlatma-direklerinin-tasima-ve-montaj-surecinde-dikkat-edilmesi-gerekenler\/","og_site_name":"I\u015f\u0131n Ayd\u0131nlatma","article_published_time":"2026-09-04T08:25:08+00:00","og_image":[{"width":1024,"height":576,"url":"https:\/\/www.isinaydinlatma.com.tr\/wp-content\/uploads\/2026\/09\/sdsfsd-1024x576.png","type":"image\/png"}],"author":"ISIN Daylight | WpAdmin","twitter_card":"summary_large_image","twitter_misc":{"Written by":"ISIN Daylight | WpAdmin","Estimated reading time":"4 minutes"},"schema":{"@context":"https:\/\/schema.org","@graph":[{"@type":"WebPage","@id":"https:\/\/www.isinaydinlatma.com.tr\/aydinlatma-direklerinin-tasima-ve-montaj-surecinde-dikkat-edilmesi-gerekenler\/","url":"https:\/\/www.isinaydinlatma.com.tr\/aydinlatma-direklerinin-tasima-ve-montaj-surecinde-dikkat-edilmesi-gerekenler\/","name":"Ayd\u0131nlatma Direklerinin Ta\u015f\u0131ma ve Montaj S\u00fcrecinde Dikkat Edilmesi Gerekenler - I\u015f\u0131n Ayd\u0131nlatma","isPartOf":{"@id":"https:\/\/www.isinaydinlatma.com.tr\/#website"},"primaryImageOfPage":{"@id":"https:\/\/www.isinaydinlatma.com.tr\/aydinlatma-direklerinin-tasima-ve-montaj-surecinde-dikkat-edilmesi-gerekenler\/#primaryimage"},"image":{"@id":"https:\/\/www.isinaydinlatma.com.tr\/aydinlatma-direklerinin-tasima-ve-montaj-surecinde-dikkat-edilmesi-gerekenler\/#primaryimage"},"thumbnailUrl":"https:\/\/www.isinaydinlatma.com.tr\/wp-content\/uploads\/2026\/09\/sdsfsd.png","datePublished":"2026-09-04T08:25:08+00:00","author":{"@id":"https:\/\/www.isinaydinlatma.com.tr\/#\/schema\/person\/30a7a6a2389fd6e93d905fcf69b27229"},"description":"Ayd\u0131nlatma direklerinin ta\u015f\u0131nmas\u0131, depolanmas\u0131 ve montaj\u0131 s\u0131ras\u0131nda dikkat edilmesi gereken temel noktalar\u0131 ke\u015ffedin.","breadcrumb":{"@id":"https:\/\/www.isinaydinlatma.com.tr\/aydinlatma-direklerinin-tasima-ve-montaj-surecinde-dikkat-edilmesi-gerekenler\/#breadcrumb"},"inLanguage":"en-GB","potentialAction":[{"@type":"ReadAction","target":["https:\/\/www.isinaydinlatma.com.tr\/aydinlatma-direklerinin-tasima-ve-montaj-surecinde-dikkat-edilmesi-gerekenler\/"]}]},{"@type":"ImageObject","inLanguage":"en-GB","@id":"https:\/\/www.isinaydinlatma.com.tr\/aydinlatma-direklerinin-tasima-ve-montaj-surecinde-dikkat-edilmesi-gerekenler\/#primaryimage","url":"https:\/\/www.isinaydinlatma.com.tr\/wp-content\/uploads\/2026\/09\/sdsfsd.png","contentUrl":"https:\/\/www.isinaydinlatma.com.tr\/wp-content\/uploads\/2026\/09\/sdsfsd.png","width":2250,"height":1266},{"@type":"BreadcrumbList","@id":"https:\/\/www.isinaydinlatma.com.tr\/aydinlatma-direklerinin-tasima-ve-montaj-surecinde-dikkat-edilmesi-gerekenler\/#breadcrumb","itemListElement":[{"@type":"ListItem","position":1,"name":"Anasayfa","item":"https:\/\/www.isinaydinlatma.com.tr\/"},{"@type":"ListItem","position":2,"name":"Ayd\u0131nlatma Direklerinin Ta\u015f\u0131ma ve Montaj S\u00fcrecinde Dikkat Edilmesi Gerekenler"}]},{"@type":"WebSite","@id":"https:\/\/www.isinaydinlatma.com.tr\/#website","url":"https:\/\/www.isinaydinlatma.com.tr\/","name":"I\u015f\u0131n Ayd\u0131nlatma","description":"","potentialAction":[{"@type":"SearchAction","target":{"@type":"EntryPoint","urlTemplate":"https:\/\/www.isinaydinlatma.com.tr\/?s={search_term_string}"},"query-input":{"@type":"PropertyValueSpecification","valueRequired":true,"valueName":"search_term_string"}}],"inLanguage":"en-GB"},{"@type":"Person","@id":"https:\/\/www.isinaydinlatma.com.tr\/#\/schema\/person\/30a7a6a2389fd6e93d905fcf69b27229","name":"ISIN Daylight | WpAdmin","image":{"@type":"ImageObject","inLanguage":"en-GB","@id":"https:\/\/www.isinaydinlatma.com.tr\/#\/schema\/person\/image\/","url":"https:\/\/secure.gravatar.com\/avatar\/af08b7c7e3eda7167e6031461b1fac4ea68195713c67f1ec55b973c0c8a91c42?s=96&d=mm&r=g","contentUrl":"https:\/\/secure.gravatar.com\/avatar\/af08b7c7e3eda7167e6031461b1fac4ea68195713c67f1ec55b973c0c8a91c42?s=96&d=mm&r=g","caption":"ISIN Daylight | WpAdmin"},"url":"https:\/\/www.isinaydinlatma.com.tr\/en\/author\/admin\/"}]}},"_links":{"self":[{"href":"https:\/\/www.isinaydinlatma.com.tr\/en\/wp-json\/wp\/v2\/posts\/13297","targetHints":{"allow":["GET"]}}],"collection":[{"href":"https:\/\/www.isinaydinlatma.com.tr\/en\/wp-json\/wp\/v2\/posts"}],"about":[{"href":"https:\/\/www.isinaydinlatma.com.tr\/en\/wp-json\/wp\/v2\/types\/post"}],"author":[{"embeddable":true,"href":"https:\/\/www.isinaydinlatma.com.tr\/en\/wp-json\/wp\/v2\/users\/2"}],"replies":[{"embeddable":true,"href":"https:\/\/www.isinaydinlatma.com.tr\/en\/wp-json\/wp\/v2\/comments?post=13297"}],"version-history":[{"count":1,"href":"https:\/\/www.isinaydinlatma.com.tr\/en\/wp-json\/wp\/v2\/posts\/13297\/revisions"}],"predecessor-version":[{"id":13299,"href":"https:\/\/www.isinaydinlatma.com.tr\/en\/wp-json\/wp\/v2\/posts\/13297\/revisions\/13299"}],"wp:featuredmedia":[{"embeddable":true,"href":"https:\/\/www.isinaydinlatma.com.tr\/en\/wp-json\/wp\/v2\/media\/13298"}],"wp:attachment":[{"href":"https:\/\/www.isinaydinlatma.com.tr\/en\/wp-json\/wp\/v2\/media?parent=13297"}],"wp:term":[{"taxonomy":"category","embeddable":true,"href":"https:\/\/www.isinaydinlatma.com.tr\/en\/wp-json\/wp\/v2\/categories?post=13297"},{"taxonomy":"post_tag","embeddable":true,"href":"https:\/\/www.isinaydinlatma.com.tr\/en\/wp-json\/wp\/v2\/tags?post=13297"}],"curies":[{"name":"wp","href":"https:\/\/api.w.org\/{rel}","templated":true}]}}